{"id":550,"date":"2022-06-04T20:30:19","date_gmt":"2022-06-04T18:30:19","guid":{"rendered":"http:\/\/saledistro.org\/?p=550"},"modified":"2022-06-05T00:35:28","modified_gmt":"2022-06-04T22:35:28","slug":"2-proc-je-ukrajina-syrskou-veci","status":"publish","type":"post","link":"http:\/\/saledistro.org\/index.php\/2022\/06\/04\/2-proc-je-ukrajina-syrskou-veci\/","title":{"rendered":"2\/ Pro\u010d je Ukrajina syrskou v\u011bc\u00ed"},"content":{"rendered":"\n<p>4.3.2022<\/p>\n\n\n\n<figure class=\"wp-block-image size-large\"><img loading=\"lazy\" width=\"1024\" height=\"768\" src=\"http:\/\/saledistro.org\/wp-content\/uploads\/2022\/06\/FMiWdeuXMAAcIZ0-1024x768.jpg\" alt=\"\" class=\"wp-image-535\" srcset=\"http:\/\/saledistro.org\/wp-content\/uploads\/2022\/06\/FMiWdeuXMAAcIZ0-1024x768.jpg 1024w, http:\/\/saledistro.org\/wp-content\/uploads\/2022\/06\/FMiWdeuXMAAcIZ0-300x225.jpg 300w, http:\/\/saledistro.org\/wp-content\/uploads\/2022\/06\/FMiWdeuXMAAcIZ0-768x576.jpg 768w, http:\/\/saledistro.org\/wp-content\/uploads\/2022\/06\/FMiWdeuXMAAcIZ0-1536x1152.jpg 1536w, http:\/\/saledistro.org\/wp-content\/uploads\/2022\/06\/FMiWdeuXMAAcIZ0.jpg 2048w\" sizes=\"(max-width: 1024px) 100vw, 1024px\" \/><\/figure>\n\n\n\n<p>B\u011bhem t\u00fddne, kdy za\u010dala rusk\u00e1 invaze na Ukrajin\u011b, by Sy\u0159an\u00e9, kte\u0159\u00ed jsou proti prezidentu Ba\u0161\u00e1ru al-Assadovi, mohli b\u00fdt ve sledov\u00e1n\u00ed v\u0161ech hr\u016fz v\u00e1lky, kterou Vladim\u00edr Putin vede, hned na druh\u00e9m m\u00edst\u011b za Ukrajinci. D\u016fvod t\u00e9to podivn\u00e9 situace by m\u011bl b\u00fdt samoz\u0159ejm\u011b zcela zjevn\u00fd. Rusko okupuje \u010d\u00e1st S\u00fdrie od konce z\u00e1\u0159\u00ed 2015 a brut\u00e1ln\u011b podporuje Assad\u016fv re\u017eim, jeho\u017e nejvy\u0161\u0161\u00ed prioritou je z\u016fstat nav\u017edy u moci, i kdy\u017e bude muset zemi pod\u0159\u00eddit expanzivn\u00edm vn\u011bj\u0161\u00edm sil\u00e1m jako je \u00cdr\u00e1n a Rusko samotn\u00e9.<\/p>\n\n\n\n<p>U\u017e \u0161est a p\u016fl roku m\u00e1 Rusko na severoz\u00e1pad\u011b S\u00fdrie velkou vojenskou z\u00e1kladnu Hmeimim, na kterou je Assad obvykle povol\u00e1v\u00e1n, kdy\u017e tam Putin nebo jeho ministr obrany nav\u0161t\u00edv\u00ed sv\u00e9 voj\u00e1ky. V roce 2019 si Rusko zajistilo pron\u00e1jem p\u0159\u00edstavu Tartous na 49 let<sup><a href=\"https:\/\/syrianobserver.com\/news\/49912\/russia-secures-tartous-port-for-the-next-49-years.html\" target=\"_blank\" rel=\"noreferrer noopener\">1<\/a><\/sup> a nyn\u00ed m\u016f\u017ee kotvit v\u00e1le\u010dn\u00e9 lod\u011b ve St\u0159edozemn\u00edm mo\u0159i. Rusk\u00fd ministr obrany se pochlubil \u00fasp\u011b\u0161n\u00fdm testov\u00e1n\u00edm v\u00edce ne\u017e 320 r\u016fzn\u00fdch zbran\u00ed<sup><a href=\"https:\/\/tass.com\/defense\/1314097?utm_source=middleeastmonitor.com&amp;utm_medium=referral&amp;utm_campaign=middleeastmonitor.com&amp;utm_referrer=middleeastmonitor.com\" target=\"_blank\" rel=\"noreferrer noopener\">2<\/a><\/sup> z jeho vojensk\u00e9ho arzen\u00e1lu v S\u00fdrii. S\u00e1m Putin ocenil bojov\u00e9 zku\u0161enosti, kter\u00e9 v S\u00fdrii z\u00edskalo v\u00edce ne\u017e 85 procent velitel\u016f rusk\u00e9 arm\u00e1dy<sup><a href=\"https:\/\/tass.com\/defense\/1293675\" target=\"_blank\" rel=\"noreferrer noopener\">3<\/a><\/sup>.<\/p>\n\n\n\n<p>S\u00fdrie byla testovac\u00ed p\u016fdou pro ruskou arm\u00e1du. Ta pou\u017e\u00edvala fosforovou munici, termobarick\u00e9 a kazetov\u00e9 bomby, kter\u00e9 jsou zak\u00e1zan\u00e9 mezin\u00e1rodn\u00ed smlouvou, proti civiln\u00edm za\u0159\u00edzen\u00edm se zam\u011b\u0159en\u00edm na nemocnice, \u0161koly<sup><a href=\"https:\/\/www.amnesty.org\/en\/latest\/news\/2020\/05\/syria-un-must-not-cut-vital-aid-lifeline-to-north-west-amid-russian-and-syrian-war-crimes\/\" target=\"_blank\" rel=\"noreferrer noopener\">4<\/a><\/sup> a trhy<sup><a href=\"https:\/\/english.alaraby.co.uk\/news\/syrian-regime-russia-guilty-war-crimes-ariha\" target=\"_blank\" rel=\"noreferrer noopener\">5<\/a><\/sup>. Ozna\u010dila v\u0161echny, kte\u0159\u00ed se postavili Assadovu re\u017eimu, za teroristy (stejn\u011b jako to ud\u011blal tak\u00e9 Assad). To jednodu\u0161e znamen\u00e1, \u017ee jejich \u017eivoty jsou \u017ealostn\u00e9, \u017ee jejich zabit\u00ed nen\u00ed zlo\u010din. Je to dokonce dobr\u00e1 v\u011bc, kter\u00e1 by m\u011bla b\u00fdt odm\u011bn\u011bna alespo\u0148 pochvalou. Ve skute\u010dnosti byl Putin za jeho imperialistickou v\u00e1lku v S\u00fdrii, kde dosud zabil asi 23 000 civilist\u016f<sup><a href=\"https:\/\/airwars.org\/news-and-investigations\/after-six-years-of-russian-airstrikes-in-syria-still-no-accountability-for-civilian-deaths\/\" target=\"_blank\" rel=\"noreferrer noopener\">6<\/a><\/sup>, islamofobn\u00edmi pravicov\u00fdmi organizacemi na Z\u00e1pad\u011b a zast\u00e1nci autorit\u00e1\u0159stv\u00ed na cel\u00e9m sv\u011bt\u011b oslavov\u00e1n.<\/p>\n\n\n\n<p>P\u0159esto se na Z\u00e1pad\u011b neobjevilo dost hlas\u016f odsuzuj\u00edc\u00edch Putinovu v\u00e1lku v S\u00fdrii. Pro\u010d? Kv\u016fli dlouh\u00e9 a zlo\u010dinn\u00e9 \u201ev\u00e1lce proti terorismu\u201c, kter\u00e1 byla z\u00e1kladem \u0161irok\u00e9 mezin\u00e1rodn\u00ed koalice proti terorist\u016fm, tedy nihilistick\u00fdm sunnitsk\u00fdm isl\u00e1msk\u00fdm skupin\u00e1m, kde jsou Spojen\u00e9 st\u00e1ty a Evropsk\u00e1 unie ve faktick\u00e9m spojenectv\u00ed s Ruskem stejn\u011b jako Assad, egyptsk\u00fd Abdel Fatt\u00e1h al-S\u00eds\u00ed, Saudskoarabsk\u00fd Mohammed bin Salm\u00e1n a Mohammed bin Zayed ze Spojen\u00fdch arabsk\u00fdch emir\u00e1t\u016f a samoz\u0159ejm\u011b apartheidn\u00ed st\u00e1t Izrael. Nebyla to jen zrada Sy\u0159an\u016f, kte\u0159\u00ed po dv\u011b generace bojovali za demokracii, ale zrada demokracie v\u0161ude na sv\u011bt\u011b.<\/p>\n\n\n\n<p>V\u00e1lka proti terorismu poskytla Putinovi jedine\u010dnou \u0161anci k dosa\u017een\u00ed sv\u00fdch imperialistick\u00fdch ambic\u00ed vzk\u0159\u00edsit rusk\u00e9 imp\u00e9rium, po\u010d\u00ednaje S\u00fdri\u00ed. Putin notoricky pova\u017euje p\u00e1d Sov\u011btsk\u00e9ho svazu za \u201eskute\u010dnou trag\u00e9dii\u201c<sup><a href=\"https:\/\/www.nbcnews.com\/id\/wbna7632057\" target=\"_blank\" rel=\"noreferrer noopener\">7<\/a><\/sup> a \u201enejv\u011bt\u0161\u00ed geopolitickou katastrofu stolet\u00ed\u201c \u2013 ne z n\u011bjak\u00fdch komunistick\u00fdch sentiment\u016f, ale proto, \u017ee Sov\u011btsk\u00fd svaz byl do zna\u010dn\u00e9 m\u00edry rusk\u00fdm imp\u00e9riem. A nyn\u00ed, povzbuzen bezn\u00e1kladn\u00fdm mand\u00e1tem nad S\u00fdri\u00ed, chce Putin anektovat Ukrajinu, kter\u00e1 podle n\u011bj nikdy nem\u011bla \u201etradici skute\u010dn\u00e9 st\u00e1tnosti\u201c.<\/p>\n\n\n\n<p>Tato agrese je zalo\u017eena na t\u0159ech protich\u016fdn\u00fdch z\u00e1mink\u00e1ch. Za prv\u00e9 \u201edenacifikovat\u201c Ukrajinu, n\u011bco, co z t\u00e9to v\u00e1lky d\u011bl\u00e1 pokra\u010dov\u00e1n\u00ed \u201eVelk\u00e9 vlasteneck\u00e9 v\u00e1lky\u201c Sov\u011btsk\u00e9ho svazu proti Hitlerovi, sp\u00ed\u0161e ne\u017e Putinov\u00fdch vlastn\u00edch expanzivn\u00edch v\u00e1lek v \u010ce\u010densku, Gruzii, Krymu a S\u00fdrii. Za druh\u00e9 \u201edemilitarizovat\u201c Ukrajinu nebo zni\u010dit jej\u00ed ozbrojen\u00e9 s\u00edly a zabr\u00e1nit j\u00ed v tom, aby kdy vstoupila do NATO. A za t\u0159et\u00ed, proto\u017ee Ukrajina nen\u00ed \u201eskute\u010dn\u00fd n\u00e1rod\u201c, jak tvrd\u00ed Putin, ale sou\u010d\u00e1st Ruska.<\/p>\n\n\n\n<p>Jeden si vzpomene na \u201ep\u0159\u00edb\u011bh o konvici\u201c od Freuda. Mu\u017e si od souseda p\u016fj\u010dil varnou konvici a po\u0161kozenou ji vr\u00e1til. Aby se osvobodil, uvedl t\u0159i argumenty: konvice nebyla po\u0161kozena, kdy\u017e ji vracel; byla ji\u017e po\u0161kozena, kdy\u017e si ji p\u016fj\u010doval; konvici si nikdy nep\u016fj\u010doval. To je logika nekontrolovateln\u00e9 touhy po moci od dikt\u00e1tora, kter\u00fd se nem\u016f\u017ee nebo nechce ovl\u00e1dnout, kdy\u017e vede zat\u00edm svou p\u00e1tou v\u00e1lku v tomto stolet\u00ed. Ale Putinovy t\u0159i argumenty se u\u017e zhroutily. I kdy\u017e je pravda, \u017ee na Ukrajin\u011b existuj\u00ed krajn\u011b pravicov\u00e9, ultranacionalistick\u00e9 skupiny, jsou men\u0161inou s omezenou politickou moc\u00ed a v \u017e\u00e1dn\u00e9m p\u0159\u00edpad\u011b nejsou t\u011bmi, kdo jsou ve skute\u010dnosti c\u00edlem rusk\u00e9 invaze. Putinova v\u00e1lka d\u00e1v\u00e1 Ukrajin\u011b pln\u00e9 ospravedln\u011bn\u00ed, aby se br\u00e1nila, jak jen m\u016f\u017ee, p\u0159ed sv\u00fdm agresivn\u00edm, \u0161ikanuj\u00edc\u00edm sousedem. Ukrajina dokazuje svou n\u00e1rodn\u00ed realitu skrze odpor proti rusk\u00fdm vet\u0159elc\u016fm.<\/p>\n\n\n\n<p>Rusk\u00e1 por\u00e1\u017eka by byla v\u00edt\u011bzstv\u00edm nejen pro Ukrajinu, ale pro cel\u00fd sv\u011bt. Por\u00e1\u017eka Putina by tak\u00e9 mohla ukon\u010dit jeho politick\u00fd \u017eivot, co\u017e je ta nejlep\u0161\u00ed zpr\u00e1va pro rusk\u00e9 demokraty, kte\u0159\u00ed ve jm\u00e9nu sv\u00e9ho n\u00e1roda odv\u00e1\u017en\u011b protestuj\u00ed proti agresi. To m\u016f\u017ee b\u00fdt dobr\u00e1 zpr\u00e1va i pro Sy\u0159any, proto\u017ee by to oslabilo tak\u00e9 Assad\u016fv barbarsk\u00fd a vlastizr\u00e1dn\u00fd re\u017eim spolu s rostouc\u00edmi autorit\u00e1\u0159sk\u00fdmi tendencemi na cel\u00e9m Bl\u00edzk\u00e9m v\u00fdchod\u011b a vlastn\u011b i ve sv\u011bt\u011b. A zat\u00edmco por\u00e1\u017eka na\u0161eho spole\u010dn\u00e9ho nep\u0159\u00edtele, Putina, nebude nutn\u011b v\u00edt\u011bzstv\u00edm pro n\u00e1s Sy\u0159any, v\u00edt\u011bzstv\u00ed putinismu bude pro n\u00e1s je\u0161t\u011b v\u011bt\u0161\u00ed por\u00e1\u017ekou, proto\u017ee zmen\u0161\u00ed na\u0161e ji\u017e tak mizern\u00e9 mo\u017enosti z\u00edskat zp\u011bt na\u0161i vlastn\u00ed zemi.<\/p>\n\n\n\n<p>Ale i kdy\u017e Ukrajina dok\u00e1\u017ee odrazit Rusko, mo\u017en\u00fdmi v\u00edt\u011bzi budou ti, kte\u0159\u00ed se pod\u00edleli na podroben\u00ed S\u00fdrie, na\u0161\u00ed zem\u011b, pr\u00e1v\u011b tomuto nep\u0159\u00edteli. M\u00e1m na mysli z\u00e1padn\u00ed mocnosti, zejm\u00e9na Spojen\u00e9 st\u00e1ty \u2013 autory v\u00e1lky proti terorismu. Putinistick\u00e9 Rusko je na jedn\u00e9 front\u011b vn\u00edm\u00e1no jako agresivn\u00ed vet\u0159elec a na druh\u00e9 jako zv\u00ed\u0159e, kter\u00e9 dok\u00e1\u017ee ud\u011blat \u0161pinavou pr\u00e1ci Z\u00e1padu. To je ale eticky opovr\u017een\u00edhodn\u00e9 a politicky kontraproduktivn\u00ed, jak dokazuje Ukrajina.<\/p>\n\n\n\n<p>Pot\u0159ebujeme politiku a spravedlnost proti teroru, ne v\u00e1lku proti teroru. Spr\u00e1vn\u00e9 slovo pro tuto politiku a spravedlnost je demokracie. Ob\u011btovat demokracii a prioritu bezpe\u010dnosti na olt\u00e1\u0159 v\u00e1lky proti terorismu je bezz\u00e1sadov\u00e9 a sebezni\u010duj\u00edc\u00ed nejen v S\u00fdrii a na Bl\u00edzk\u00e9m v\u00fdchod\u011b, ale i na samotn\u00e9m Z\u00e1pad\u011b.<\/p>\n\n\n\n<p>Imperialismus a demokracie jsou neslu\u010diteln\u00e9. To plat\u00ed pro Rusko i v\u0161ude jinde. Tot\u00e9\u017e plat\u00ed na Z\u00e1pad\u011b. Imperialismus, kter\u00fd m\u011bl sv\u016fj bumerangov\u00fd efekt v Evrop\u011b d\u0159\u00edve, v podob\u011b nacismu, jak tvrdila Hannah Arendtov\u00e1 v <em>The Origins of Totalitarianism<\/em>, m\u00e1 ji\u017e v na\u0161\u00ed dob\u011b obdobn\u00fd efekt v podob\u011b pravicov\u00e9ho populismu, kter\u00fd byl postupn\u011b normalizov\u00e1n a rychle se posunul od krajn\u00ed pravice k p\u0159ijateln\u00e9mu mainstreamu v p\u0159\u00edm\u00e9 souvislosti s v\u00e1lkou proti terorismu a tzv. migrantskou a uprchlickou kriz\u00ed.<\/p>\n\n\n\n<p>Jako uprchl\u00edci, vyko\u0159en\u011bn\u00ed z na\u0161eho domova a rozpt\u00fdlen\u00ed ve 127 zem\u00edch<sup><a href=\"https:\/\/www.hrw.org\/report\/2021\/10\/20\/our-lives-are-death\/syrian-refugee-returns-lebanon-and-jordan\" target=\"_blank\" rel=\"noreferrer noopener\">8<\/a><\/sup>, jsme nyn\u00ed my, Sy\u0159an\u00e9, na\u0161e vlastn\u00ed mezin\u00e1rodn\u00ed spole\u010denstv\u00ed. Jako takov\u00ed se zveme k z\u00e1sahu do ka\u017ed\u00e9ho boje na planet\u011b.<\/p>\n\n\n\n<p>Ukrajina je syrsk\u00e1 v\u011bc. Stejn\u011b tak sv\u011bt.<\/p>\n\n\n\n<p><em>Yassin Al-Haj Saleh<\/em><\/p>\n\n\n\n<p><em>p\u0159elo\u017eeno z <a href=\"https:\/\/dawnmena.org\/why-ukraine-is-a-syrian-cause\/\">https:\/\/dawnmena.org\/why-ukraine-is-a-syrian-cause\/<\/a><\/em><\/p>\n","protected":false},"excerpt":{"rendered":"<p>B\u011bhem t\u00fddne, kdy za\u010dala rusk\u00e1 invaze na Ukrajin\u011b, by Sy\u0159an\u00e9, kte\u0159\u00ed jsou proti prezidentu Ba\u0161\u00e1ru al-Assadovi, mohli b\u00fdt ve sledov\u00e1n\u00ed v\u0161ech hr\u016fz v\u00e1lky, kterou Vladim\u00edr Putin vede, hned na druh\u00e9m m\u00edst\u011b za Ukrajinci. D\u016fvod t\u00e9to podivn\u00e9 situace by m\u011bl b\u00fdt samoz\u0159ejm\u011b zcela z\u0159ejm\u00fd. Rusko okupuje \u010d\u00e1st S\u00fdrie od konce z\u00e1\u0159\u00ed 2015 a brut\u00e1ln\u011b podporuje Assad\u016fv re\u017eim, jeho\u017e nejvy\u0161\u0161\u00ed prioritou je z\u016fstat nav\u017edy u moci, i kdy\u017e bude muset zemi pod\u0159\u00eddit expanzivn\u00edm vn\u011bj\u0161\u00edm sil\u00e1m jako je \u00cdr\u00e1n a Rusko samotn\u00e9.<\/p>\n","protected":false},"author":2,"featured_media":535,"comment_status":"closed","ping_status":"open","sticky":false,"template":"","format":"standard","meta":[],"categories":[17],"tags":[],"_links":{"self":[{"href":"http:\/\/saledistro.org\/index.php\/wp-json\/wp\/v2\/posts\/550"}],"collection":[{"href":"http:\/\/saledistro.org\/index.php\/wp-json\/wp\/v2\/posts"}],"about":[{"href":"http:\/\/saledistro.org\/index.php\/wp-json\/wp\/v2\/types\/post"}],"author":[{"embeddable":true,"href":"http:\/\/saledistro.org\/index.php\/wp-json\/wp\/v2\/users\/2"}],"replies":[{"embeddable":true,"href":"http:\/\/saledistro.org\/index.php\/wp-json\/wp\/v2\/comments?post=550"}],"version-history":[{"count":3,"href":"http:\/\/saledistro.org\/index.php\/wp-json\/wp\/v2\/posts\/550\/revisions"}],"predecessor-version":[{"id":589,"href":"http:\/\/saledistro.org\/index.php\/wp-json\/wp\/v2\/posts\/550\/revisions\/589"}],"wp:featuredmedia":[{"embeddable":true,"href":"http:\/\/saledistro.org\/index.php\/wp-json\/wp\/v2\/media\/535"}],"wp:attachment":[{"href":"http:\/\/saledistro.org\/index.php\/wp-json\/wp\/v2\/media?parent=550"}],"wp:term":[{"taxonomy":"category","embeddable":true,"href":"http:\/\/saledistro.org\/index.php\/wp-json\/wp\/v2\/categories?post=550"},{"taxonomy":"post_tag","embeddable":true,"href":"http:\/\/saledistro.org\/index.php\/wp-json\/wp\/v2\/tags?post=550"}],"curies":[{"name":"wp","href":"https:\/\/api.w.org\/{rel}","templated":true}]}}