{"id":681,"date":"2023-02-21T21:00:31","date_gmt":"2023-02-21T20:00:31","guid":{"rendered":"http:\/\/saledistro.org\/?p=681"},"modified":"2023-02-21T21:25:56","modified_gmt":"2023-02-21T20:25:56","slug":"dekada-a-dal","status":"publish","type":"post","link":"http:\/\/saledistro.org\/index.php\/2023\/02\/21\/dekada-a-dal\/","title":{"rendered":"Dek\u00e1da a d\u00e1l"},"content":{"rendered":"\n<figure class=\"wp-block-image size-large is-resized\"><img loading=\"lazy\" src=\"http:\/\/saledistro.org\/wp-content\/uploads\/2023\/02\/signal-2023-02-21-194959-1024x768.jpeg\" alt=\"\" class=\"wp-image-682\" width=\"649\" height=\"486\" srcset=\"http:\/\/saledistro.org\/wp-content\/uploads\/2023\/02\/signal-2023-02-21-194959-1024x768.jpeg 1024w, http:\/\/saledistro.org\/wp-content\/uploads\/2023\/02\/signal-2023-02-21-194959-300x225.jpeg 300w, http:\/\/saledistro.org\/wp-content\/uploads\/2023\/02\/signal-2023-02-21-194959-768x576.jpeg 768w, http:\/\/saledistro.org\/wp-content\/uploads\/2023\/02\/signal-2023-02-21-194959-1536x1152.jpeg 1536w, http:\/\/saledistro.org\/wp-content\/uploads\/2023\/02\/signal-2023-02-21-194959.jpeg 1600w\" sizes=\"(max-width: 649px) 100vw, 649px\" \/><\/figure>\n\n\n\n<h3>Od zalo\u017een\u00ed Sal\u00e9 distribuce uplynulo deset let, b\u011bhem kter\u00fdch n\u00e1m pro\u0161lo pod rukama nespo\u010det \u010desk\u00fdch i zahrani\u010dn\u00edch kn\u00ed\u017eek, bro\u017eur a zin\u016f.<\/h3>\n\n\n\n<p>Posouv\u00e1me se d\u00e1l a za\u010d\u00edn\u00e1me tisknout zahrani\u010dn\u00ed ziny, kter\u00e9 budou ke koupi na eshopu <a href=\"https:\/\/www.roleta39.cz\/uvod\" data-type=\"URL\" data-id=\"https:\/\/www.roleta39.cz\/uvod\">Rolety39<\/a> nebo zdarma ke sta\u017een\u00ed na webu. Na str\u00e1nky budou tak\u00e9 p\u0159ib\u00fdvat r\u016fzn\u00e9 \u010dl\u00e1nky o jednotlivc\u00edch, kolektivech a ud\u00e1lostech &#8211; a\u0165 u\u017e nadch\u00e1zej\u00edc\u00edch nebo historick\u00fdch.<\/p>\n\n\n\n<p>V minul\u00e9m roce jsme vytiskli sborn\u00edk text\u016f <a href=\"https:\/\/www.roleta39.cz\/ziny-magaziny\/my-jsme-vm-to-kali-syrsk-pohled-na-vlku-na-ukrajin\" data-type=\"URL\" data-id=\"https:\/\/www.roleta39.cz\/ziny-magaziny\/my-jsme-vm-to-kali-syrsk-pohled-na-vlku-na-ukrajin\">My jsme V\u00e1m to \u0159\u00edkali<\/a> (dostupn\u00e9 online) a na t\u00e9ma S\u00fdrie a Ukrajiny p\u0159edn\u00e1\u0161eli na pra\u017esk\u00e9m Anarchistick\u00e9m festivalu knihy. Dal\u0161\u00ed p\u0159edn\u00e1\u0161ky prob\u011bhly v infotentu na Fluffu a <a href=\"https:\/\/syndikalistisktforum.se\/2022\/bokmassa\/\" data-type=\"URL\" data-id=\"https:\/\/syndikalistisktforum.se\/2022\/bokmassa\/\">Radik\u00e1ln\u00edm kni\u017en\u00edm festivalu<\/a> v G\u00f6teborgu. Pl\u00e1novanou p\u0159edn\u00e1\u0161ku na bookfairu v <a href=\"https:\/\/www.agamsterdam.org\/anarchistische-bibliotheek\/\" data-type=\"URL\" data-id=\"https:\/\/www.agamsterdam.org\/anarchistische-bibliotheek\/\">Amsterdamu<\/a> jsme nakonec museli zru\u0161it kv\u016fli koronaviru.<\/p>\n\n\n\n<p>Nab\u00eddku Sal\u00e9 distribuce jsme roz\u0161\u00ed\u0159ili o nov\u00e1 \u010desk\u00e1 a slovensk\u00e1 nakladatelstv\u00ed, objeli n\u011bkolik tuzemsk\u00fdch (nap\u0159. <a href=\"https:\/\/flufffest.net\/\" data-type=\"URL\" data-id=\"https:\/\/flufffest.net\/\">Fluff fest<\/a> nebo antifa\u0161istick\u00fd festival <a href=\"https:\/\/www.facebook.com\/riotoverriver\/\" data-type=\"URL\" data-id=\"https:\/\/www.facebook.com\/riotoverriver\/\">Riot Over River<\/a>) a zahrani\u010dn\u00edch festival\u016f (<a href=\"https:\/\/www.fortepressa.net\/crack2022\/\" data-type=\"URL\" data-id=\"https:\/\/www.fortepressa.net\/crack2022\/\">Crack<\/a> v \u0159\u00edmsk\u00e9m Forte Prenestino, zm\u00edn\u011bn\u00fd G\u00f6teborg, wroclavsk\u00fd <a href=\"https:\/\/m.facebook.com\/events\/554917056327844\/\" data-type=\"URL\" data-id=\"https:\/\/m.facebook.com\/events\/554917056327844\/\">Zinefest<\/a> a festival <a href=\"https:\/\/m.facebook.com\/events\/324099343198741\/\" data-type=\"URL\" data-id=\"https:\/\/m.facebook.com\/events\/324099343198741\/\">Od czytania do dzia\u0142ania<\/a> na Rozbrat\u011b v Poznani. Prohloubili jsme letitou spolupr\u00e1ci s <a href=\"https:\/\/www.activedistribution.org\/\" data-type=\"URL\" data-id=\"https:\/\/www.activedistribution.org\/\">Active Distribution<\/a> a p\u0159isp\u011bli na chod dru\u017estva <a href=\"https:\/\/www.roleta39.cz\/o-nas\" data-type=\"URL\" data-id=\"https:\/\/www.roleta39.cz\/o-nas\">Roleta39<\/a>.<\/p>\n\n\n\n<p>Knihami jsme tak\u00e9 podpo\u0159ili \u0159\u00edmskou anarchistickou knihovnu <a href=\"https:\/\/www.inventati.org\/biblidea\/\" data-type=\"URL\" data-id=\"https:\/\/www.inventati.org\/biblidea\/\">L\u2019Idea<\/a> a roz\u0161\u00ed\u0159ili kni\u017en\u00ed fond anarchistick\u00fdch knihoven v Amsterdamu (<a href=\"https:\/\/www.agamsterdam.org\/anarchistische-bibliotheek\/\" data-type=\"URL\" data-id=\"https:\/\/www.agamsterdam.org\/anarchistische-bibliotheek\/\">AGA Bibliotheek<\/a>) a Polsku (<a href=\"https:\/\/wolnabiblioteka.pl\/\" data-type=\"URL\" data-id=\"https:\/\/wolnabiblioteka.pl\/\">Wolna Biblioteka Wroc\u0142aw<\/a>, <a href=\"https:\/\/www.rozbrat.org\/biblioteka\" data-type=\"URL\" data-id=\"https:\/\/www.rozbrat.org\/biblioteka\">Pozna\u0144ska Biblioteka Anarchistyczna<\/a>).<\/p>\n","protected":false},"excerpt":{"rendered":"<p>Od zalo\u017een\u00ed Sal\u00e9 distribuce uplynulo deset let, b\u011bhem kter\u00fdch n\u00e1m pro\u0161lo pod rukama nespo\u010det \u010desk\u00fdch i zahrani\u010dn\u00edch kn\u00ed\u017eek, bro\u017eur a zin\u016f. Posouv\u00e1me se d\u00e1l a za\u010d\u00edn\u00e1me tisknout zahrani\u010dn\u00ed ziny, kter\u00e9 budou ke koupi na eshopu Rolety39 nebo zdarma ke sta\u017een\u00ed na webu. Na str\u00e1nky budou tak\u00e9 p\u0159ib\u00fdvat r\u016fzn\u00e9 \u010dl\u00e1nky o jednotlivc\u00edch, kolektivech a ud\u00e1lostech &#8211; [&hellip;]<\/p>\n","protected":false},"author":2,"featured_media":682,"comment_status":"closed","ping_status":"open","sticky":false,"template":"","format":"standard","meta":[],"categories":[1],"tags":[],"_links":{"self":[{"href":"http:\/\/saledistro.org\/index.php\/wp-json\/wp\/v2\/posts\/681"}],"collection":[{"href":"http:\/\/saledistro.org\/index.php\/wp-json\/wp\/v2\/posts"}],"about":[{"href":"http:\/\/saledistro.org\/index.php\/wp-json\/wp\/v2\/types\/post"}],"author":[{"embeddable":true,"href":"http:\/\/saledistro.org\/index.php\/wp-json\/wp\/v2\/users\/2"}],"replies":[{"embeddable":true,"href":"http:\/\/saledistro.org\/index.php\/wp-json\/wp\/v2\/comments?post=681"}],"version-history":[{"count":15,"href":"http:\/\/saledistro.org\/index.php\/wp-json\/wp\/v2\/posts\/681\/revisions"}],"predecessor-version":[{"id":697,"href":"http:\/\/saledistro.org\/index.php\/wp-json\/wp\/v2\/posts\/681\/revisions\/697"}],"wp:featuredmedia":[{"embeddable":true,"href":"http:\/\/saledistro.org\/index.php\/wp-json\/wp\/v2\/media\/682"}],"wp:attachment":[{"href":"http:\/\/saledistro.org\/index.php\/wp-json\/wp\/v2\/media?parent=681"}],"wp:term":[{"taxonomy":"category","embeddable":true,"href":"http:\/\/saledistro.org\/index.php\/wp-json\/wp\/v2\/categories?post=681"},{"taxonomy":"post_tag","embeddable":true,"href":"http:\/\/saledistro.org\/index.php\/wp-json\/wp\/v2\/tags?post=681"}],"curies":[{"name":"wp","href":"https:\/\/api.w.org\/{rel}","templated":true}]}}